{"id":71,"date":"2007-10-16T13:31:50","date_gmt":"2007-10-16T11:31:50","guid":{"rendered":"http:\/\/airdesign.ch\/yann\/2007\/10\/16\/en-vrac-1\/"},"modified":"2013-03-30T15:49:36","modified_gmt":"2013-03-30T14:49:36","slug":"en-vrac-1","status":"publish","type":"post","link":"http:\/\/airdesign.ch\/yann\/2007\/10\/16\/en-vrac-1\/","title":{"rendered":"En vrac #1"},"content":{"rendered":"<p>Les brouillons d&rsquo;articles s&rsquo;accumulent dans mon interface d&rsquo;administration de <a href=\"http:\/\/wordpress.org\/\">WordPress<\/a>, je les balance en vrac :<\/p>\n<p><strong>V\u00e9lo Trial &#8211; Vordemwald &#8211; 7\u00e8me \u00e9preuve de la Swiss Cup 2007<\/strong><br \/>\n<a href=\"http:\/\/airdesign.ch\/sabrina\/\">Sab<\/a> m&rsquo;envoie le lien de <a href=\"http:\/\/www.velo-club.ch\/modules.php?op=modload&amp;name=News&amp;file=article&amp;sid=2771\">cet article<\/a>. On peut y lire :<br \/>\n<em>Ga\u00ebtan Perret avec 26 points, \u00e9choue \u00e0 nouveau au pied du podium.<\/em><\/p>\n<p style=\"text-align: center;\"><img decoding=\"async\" alt=\"V\u00e9lo Trial\" src=\"http:\/\/airdesign.ch\/yann\/wp-content\/uploads\/2007\/10\/img_3912.JPG\" \/><\/p>\n<p>Allez Ga\u00ebt&rsquo;, un jour tu vas y arriver \ud83d\ude42<\/p>\n<p><strong><a href=\"http:\/\/www.tetesaclaques.tv\/\">T\u00eates \u00e0 claques<\/a>, certains clips sont vraiment tr\u00e8s fort. <\/strong><\/p>\n<p><strong><a href=\"http:\/\/www.deezer.com\/search\/jamie-cullum.html\">Jamie Cullum<\/a> sur Deezer, pour \u00e9couter ses tubes en ligne ! <\/strong><\/p>\n<p><strong>Arch Linux, ma distribution pr\u00e9f\u00e9r\u00e9e (tutoriel)<\/strong><br \/>\nArch Linux est une distribution qui vise un public averti puisque la philosophie de ce syst\u00e8me est de rester le plus simple possible ! En avant pour la ligne de commande, ne comptez pas sur les outils de configurations graphiques&#8230;<\/p>\n<p>R\u00e9seau (Intel Centrino)<br \/>\nipw2200-fw dans le d\u00e9p\u00f4t extra<br \/>\n# pacman -A ipw2200-fw-3.0.pkg.tar.gz<br \/>\n# iwconfig wlan0 mode managed channel 11 key off essid votre_r\u00e9seau<br \/>\nkillall dhcpcd<br \/>\ndhcpcd wlan0<\/p>\n<p>Promis, j&rsquo;essaie de finir le prochain article que je commence \ud83d\ude42<\/p>\n","protected":false},"excerpt":{"rendered":"<p>Les brouillons d&rsquo;articles s&rsquo;accumulent dans mon interface d&rsquo;administration de WordPress, je les balance en vrac :<br \/>\nV\u00e9lo Trial &#8211; Vordemwald &#8211; 7\u00e8me \u00e9preuve de la Swiss Cup 2007<br \/>\nSab m&rsquo;envoie le lien de cet article. On peut y lire :<br \/>\nGa\u00ebtan Perret avec 26 points, \u00e9choue \u00e0 nouveau au pied du podium.<\/p>\n<p>Allez Ga\u00ebt&rsquo;, un jour tu vas y arriver \ud83d\ude42<br \/>\nT\u00eates \u00e0 claques, certains &#8230;<\/p>\n","protected":false},"author":1,"featured_media":0,"comment_status":"open","ping_status":"open","sticky":false,"template":"","format":"standard","meta":[],"categories":[22],"tags":[28,55,58,57,27,29,30],"_links":{"self":[{"href":"http:\/\/airdesign.ch\/yann\/wp-json\/wp\/v2\/posts\/71"}],"collection":[{"href":"http:\/\/airdesign.ch\/yann\/wp-json\/wp\/v2\/posts"}],"about":[{"href":"http:\/\/airdesign.ch\/yann\/wp-json\/wp\/v2\/types\/post"}],"author":[{"embeddable":true,"href":"http:\/\/airdesign.ch\/yann\/wp-json\/wp\/v2\/users\/1"}],"replies":[{"embeddable":true,"href":"http:\/\/airdesign.ch\/yann\/wp-json\/wp\/v2\/comments?post=71"}],"version-history":[{"count":1,"href":"http:\/\/airdesign.ch\/yann\/wp-json\/wp\/v2\/posts\/71\/revisions"}],"predecessor-version":[{"id":563,"href":"http:\/\/airdesign.ch\/yann\/wp-json\/wp\/v2\/posts\/71\/revisions\/563"}],"wp:attachment":[{"href":"http:\/\/airdesign.ch\/yann\/wp-json\/wp\/v2\/media?parent=71"}],"wp:term":[{"taxonomy":"category","embeddable":true,"href":"http:\/\/airdesign.ch\/yann\/wp-json\/wp\/v2\/categories?post=71"},{"taxonomy":"post_tag","embeddable":true,"href":"http:\/\/airdesign.ch\/yann\/wp-json\/wp\/v2\/tags?post=71"}],"curies":[{"name":"wp","href":"https:\/\/api.w.org\/{rel}","templated":true}]}}