{"id":274,"date":"2009-08-11T08:55:59","date_gmt":"2009-08-11T06:55:59","guid":{"rendered":"http:\/\/airdesign.ch\/yann\/?p=274"},"modified":"2013-03-30T15:13:58","modified_gmt":"2013-03-30T14:13:58","slug":"la-television-par-satellite-en-suisse-romande","status":"publish","type":"post","link":"http:\/\/airdesign.ch\/yann\/2009\/08\/11\/la-television-par-satellite-en-suisse-romande\/","title":{"rendered":"La t\u00e9l\u00e9vision par satellite en Suisse romande"},"content":{"rendered":"<p>Cet article explique comment j&rsquo;ai fais pour profiter du bouquet <a href=\"http:\/\/bis.tv\/#accueil\">Bis.tv<\/a> avec une parabole dirig\u00e9e sur le satellite Hotbird (13\u00b0 Est).<br \/>\n<img decoding=\"async\" loading=\"lazy\" class=\"aligncenter size-medium wp-image-275\" title=\"bis-tv\" alt=\"bis-tv\" src=\"http:\/\/airdesign.ch\/yann\/wp-content\/uploads\/2009\/08\/bis-tv-300x234.png\" width=\"300\" height=\"234\" srcset=\"http:\/\/airdesign.ch\/yann\/wp-content\/uploads\/2009\/08\/bis-tv-300x234.png 300w, http:\/\/airdesign.ch\/yann\/wp-content\/uploads\/2009\/08\/bis-tv.png 475w\" sizes=\"(max-width: 300px) 100vw, 300px\" \/><br \/>\nChez <a href=\"http:\/\/www.mediamarkt.ch\/153.html?&amp;L=1\">Media Markt<\/a> \u00e0 Crissier, j&rsquo;ai achet\u00e9 un d\u00e9codeur satellite (DVB-S) <a href=\"http:\/\/www.dream-multimedia-tv.de\/en\/dm-600-pvr\">dreambox DM 600 PVR S<\/a>. Cet appareil poss\u00e8de un lecteur de carte \u00e0 puce, un port Ethernet et un tuner satellite. Le fait qu&rsquo;il fonctionne avec <a href=\"http:\/\/fr.wikipedia.org\/wiki\/Linux\">Linux<\/a> permet plus de souplesse dans sa configuration et son fonctionnement. Bien que les manipulations \u00e0 faire ne soient pas compliqu\u00e9es, n&rsquo;achetez pas cet appareil si vous d\u00e9sirez que tout fonctionne imm\u00e9diatement apr\u00e8s avoir branch\u00e9 la prise. Il co\u00fbte 349.- CHF.<br \/>\n<img decoding=\"async\" loading=\"lazy\" class=\"aligncenter size-medium wp-image-277\" title=\"DM600PVR_bb_reflex\" alt=\"DM600PVR_bb_reflex\" src=\"http:\/\/airdesign.ch\/yann\/wp-content\/uploads\/2009\/08\/DM600PVR_bb_reflex-300x182.jpg\" width=\"300\" height=\"182\" srcset=\"http:\/\/airdesign.ch\/yann\/wp-content\/uploads\/2009\/08\/DM600PVR_bb_reflex-300x182.jpg 300w, http:\/\/airdesign.ch\/yann\/wp-content\/uploads\/2009\/08\/DM600PVR_bb_reflex.jpg 567w\" sizes=\"(max-width: 300px) 100vw, 300px\" \/><br \/>\nJ&rsquo;ai \u00e9galement achet\u00e9 chez Media Markt la carte Bis.tv pour 199.- CHF. Celle-ci est valable une ann\u00e9e d\u00e8s sa premi\u00e8re activation et est renouvelable d&rsquo;ann\u00e9e en ann\u00e9e pour <a href=\"http:\/\/www.anibis.ch\/n\/2248648\">139.- CHF<\/a>. Pas de contrat, Media Markt vous envoie une lettre pour vous pr\u00e9venir quand l&rsquo;abonnement arrive \u00e0 \u00e9ch\u00e9ance. La carte permet l&rsquo;acc\u00e8s pendant une ann\u00e9e \u00e0 l&rsquo;offre Panorama et pendant 1 semaine, \u00e0 titre d&rsquo;essai, \u00e0 l&rsquo;option Cin\u00e9rama.<\/p>\n<p style=\"text-align: center;\"><img decoding=\"async\" loading=\"lazy\" class=\"aligncenter size-medium wp-image-278\" title=\"carte-bis\" alt=\"carte-bis\" src=\"http:\/\/airdesign.ch\/yann\/wp-content\/uploads\/2009\/08\/carte-bis-300x191.jpg\" width=\"300\" height=\"191\" srcset=\"http:\/\/airdesign.ch\/yann\/wp-content\/uploads\/2009\/08\/carte-bis-300x191.jpg 300w, http:\/\/airdesign.ch\/yann\/wp-content\/uploads\/2009\/08\/carte-bis.jpg 416w\" sizes=\"(max-width: 300px) 100vw, 300px\" \/>(elle est blanche car c&rsquo;est une carte pr\u00e9pay\u00e9e, les droits sont mis \u00e0 jour une fois par ann\u00e9e, contrairement aux cartes violettes.)<\/p>\n<p>Pour pr\u00e9parer la dreambox, vous avez besoin du mat\u00e9riel suivant :<br \/>\n&#8211; un c\u00e2ble r\u00e9seau crois\u00e9<br \/>\n&#8211; un ordinateur avec navigateur web<br \/>\n&#8211; un r\u00e9seau local qui attribue des adresses IP par DHCP<br \/>\n&#8211; Internet \u00e0 disposition sur le m\u00eame r\u00e9seau local<\/p>\n<p>Lorsque vous d\u00e9marrez pour la premi\u00e8re fois la dreambox, le logiciel de base est charg\u00e9. Bien que celui-ci fonctionne parfaitement, il ne permet pas l&rsquo;utilisation du lecteur de carte \u00e0 puce. Connectez la dreambox \u00e0 votre r\u00e9seau local et tapez l&rsquo;adresse IP de cette derni\u00e8re dans le navigateur web de votre ordinateur (l&rsquo;adresse IP attribu\u00e9e \u00e0 votre dreambox est affich\u00e9e dans le menu configuration expert, communication). Si l&rsquo;interface web de la dreambox s&rsquo;affiche \u00e0 l&rsquo;\u00e9cran, vous avez correctement \u00e9tabli le contact entre votre ordinateur et la dreambox.<\/p>\n<p>T\u00e9l\u00e9chargez maintenant un nouveau logiciel qui ressemble \u00e0 celui install\u00e9 de base mais qui permet d&rsquo;utiliser le lecteur de carte \u00e0 puce. J&rsquo;utilise l&rsquo;<a href=\"http:\/\/www.pli-images.org\/downloads.php?cat_id=11&amp;download_id=60\">image PLi<\/a>.<br \/>\n<img decoding=\"async\" loading=\"lazy\" class=\"aligncenter size-medium wp-image-279\" title=\"pli-images\" alt=\"pli-images\" src=\"http:\/\/airdesign.ch\/yann\/wp-content\/uploads\/2009\/08\/pli-images-300x117.png\" width=\"300\" height=\"117\" srcset=\"http:\/\/airdesign.ch\/yann\/wp-content\/uploads\/2009\/08\/pli-images-300x117.png 300w, http:\/\/airdesign.ch\/yann\/wp-content\/uploads\/2009\/08\/pli-images.png 318w\" sizes=\"(max-width: 300px) 100vw, 300px\" \/><br \/>\nATTENTION : l&rsquo;op\u00e9ration suivante modifie la m\u00e9moire de la dreambox<br \/>\n\u00c9teignez compl\u00e8tement la dreambox (menu \u00e9teindre puis tirez la prise \u00e9lectrique). Alors qu&rsquo;elle n&rsquo;est plus aliment\u00e9e, maintenez enfonc\u00e9 le bouton \u00ab\u00a0power\u00a0\u00bb de l&rsquo;appareil, remettez la prise et laissez enfonc\u00e9 le bouton 15 secondes. La dreambox d\u00e9marre alors sur un syst\u00e8me permettant de la mettre \u00e0 jour.<br \/>\nDepuis votre navigateur web, tapez l&rsquo;adresse IP de la dreambox, une nouvelle page appara\u00eet alors. Cliquez sur \u00ab\u00a0Upgrade firmware\u00a0\u00bb puis envoyez l&rsquo;image t\u00e9l\u00e9charg\u00e9e juste avant (pli-jade3-dm600pvr-20090627-6494.nfi). Attendez bien que le transfert soit termin\u00e9 avant d&rsquo;appuyer \u00e0 nouveau sur le bouton \u00ab\u00a0power\u00a0\u00bb, la dreambox d\u00e9marre alors sur la nouvelle image, PLi Jade3.<\/p>\n<p>Suivez les \u00e9tapes de l&rsquo;assistant d&rsquo;installation et effectuez la recherche des chaines sur le satellite. Connectez la dreambox \u00e0 Internet, dans le menu \u00ab\u00a0software\u00a0\u00bb, installez les programmes CCcam et CCcam config. Ins\u00e9rez la carte Bis.tv, puce vers le bas dans le lecteur. Allez ensuite dans le menu \u00ab\u00a0gestion emu\u00a0\u00bb et choisissez CCcam comme \u00e9mu par d\u00e9faut. Regardez quelques secondes la cha\u00eene Chasse et P\u00eache, la carte s&rsquo;active et l&rsquo;image appara\u00eet.<\/p>\n<p>N&rsquo;h\u00e9sitez pas si vous avez des questions !<br \/>\nA bient\u00f4t \ud83d\ude42<\/p>\n","protected":false},"excerpt":{"rendered":"<p>Cet article explique comment j&rsquo;ai fais pour profiter du bouquet Bis.tv avec une parabole dirig\u00e9e sur le satellite Hotbird (13\u00b0 Est).<\/p>\n<p>Chez Media Markt \u00e0 Crissier, j&rsquo;ai achet\u00e9 un d\u00e9codeur satellite (DVB-S) dreambox DM 600 PVR S. Cet appareil poss\u00e8de un lecteur de carte \u00e0 puce, un port Ethernet et un tuner satellite. Le fait qu&rsquo;il fonctionne avec Linux permet plus &#8230;<\/p>\n","protected":false},"author":1,"featured_media":0,"comment_status":"open","ping_status":"open","sticky":false,"template":"","format":"standard","meta":[],"categories":[8,4,7],"tags":[42,58,26,29],"_links":{"self":[{"href":"http:\/\/airdesign.ch\/yann\/wp-json\/wp\/v2\/posts\/274"}],"collection":[{"href":"http:\/\/airdesign.ch\/yann\/wp-json\/wp\/v2\/posts"}],"about":[{"href":"http:\/\/airdesign.ch\/yann\/wp-json\/wp\/v2\/types\/post"}],"author":[{"embeddable":true,"href":"http:\/\/airdesign.ch\/yann\/wp-json\/wp\/v2\/users\/1"}],"replies":[{"embeddable":true,"href":"http:\/\/airdesign.ch\/yann\/wp-json\/wp\/v2\/comments?post=274"}],"version-history":[{"count":8,"href":"http:\/\/airdesign.ch\/yann\/wp-json\/wp\/v2\/posts\/274\/revisions"}],"predecessor-version":[{"id":541,"href":"http:\/\/airdesign.ch\/yann\/wp-json\/wp\/v2\/posts\/274\/revisions\/541"}],"wp:attachment":[{"href":"http:\/\/airdesign.ch\/yann\/wp-json\/wp\/v2\/media?parent=274"}],"wp:term":[{"taxonomy":"category","embeddable":true,"href":"http:\/\/airdesign.ch\/yann\/wp-json\/wp\/v2\/categories?post=274"},{"taxonomy":"post_tag","embeddable":true,"href":"http:\/\/airdesign.ch\/yann\/wp-json\/wp\/v2\/tags?post=274"}],"curies":[{"name":"wp","href":"https:\/\/api.w.org\/{rel}","templated":true}]}}