{"id":227,"date":"2009-03-10T12:20:07","date_gmt":"2009-03-10T10:20:07","guid":{"rendered":"http:\/\/airdesign.ch\/yann\/?p=227"},"modified":"2013-03-30T15:09:57","modified_gmt":"2013-03-30T14:09:57","slug":"de-glossyblue-a-inove","status":"publish","type":"post","link":"http:\/\/airdesign.ch\/yann\/2009\/03\/10\/de-glossyblue-a-inove\/","title":{"rendered":"De GlossyBlue \u00e0 iNove"},"content":{"rendered":"<p>Apr\u00e8s presque 2 ans de bons et loyaux services, le th\u00e8me <a href=\"http:\/\/www.ndesign-studio.com\/resources\/wp-themes\/glossyblue\/\">GlossyBlue<\/a> utilis\u00e9 jusqu&rsquo;ici sur ce blog tire sa r\u00e9v\u00e9rence.<\/p>\n<p><img decoding=\"async\" loading=\"lazy\" class=\"aligncenter size-medium wp-image-228\" title=\"GlossyBlue\" alt=\"GlossyBlue\" src=\"http:\/\/airdesign.ch\/yann\/wp-content\/uploads\/2009\/03\/glossyblue_large-300x225.jpg\" width=\"300\" height=\"225\" srcset=\"http:\/\/airdesign.ch\/yann\/wp-content\/uploads\/2009\/03\/glossyblue_large-300x225.jpg 300w, http:\/\/airdesign.ch\/yann\/wp-content\/uploads\/2009\/03\/glossyblue_large.jpg 640w\" sizes=\"(max-width: 300px) 100vw, 300px\" \/><\/p>\n<p>Agr\u00e9able visuellement, il disposait d&rsquo;un espace en bas de page permettant de consulter les derniers articles et commentaires. Depuis quelques temps, je recherche un th\u00e8me plus large permettant d&rsquo;am\u00e9liorer la lisibilit\u00e9.<\/p>\n<p>Tomb\u00e9 par hasard sur le th\u00e8me <a href=\"http:\/\/wordpress.org\/extend\/themes\/inove\">iNove<\/a>, je le trouve sympa comme tout.<\/p>\n<p><img decoding=\"async\" loading=\"lazy\" class=\"aligncenter size-medium wp-image-229\" title=\"iNove\" alt=\"iNove\" src=\"http:\/\/airdesign.ch\/yann\/wp-content\/uploads\/2009\/03\/inove_large-300x225.jpg\" width=\"300\" height=\"225\" srcset=\"http:\/\/airdesign.ch\/yann\/wp-content\/uploads\/2009\/03\/inove_large-300x225.jpg 300w, http:\/\/airdesign.ch\/yann\/wp-content\/uploads\/2009\/03\/inove_large.jpg 640w\" sizes=\"(max-width: 300px) 100vw, 300px\" \/><\/p>\n<p>L&rsquo;auteur de ce th\u00e8me s&rsquo;est inspir\u00e9 d&rsquo;un site d\u00e9di\u00e9 \u00e0 Apple, <a title=\"MacZone.sk\" href=\"http:\/\/www.mzone.sk\/\">MacZone.sk<\/a>. Install\u00e9 avec la configuration par d\u00e9faut en ce moment, je vais le personnaliser au fil du temps.<\/p>\n<p>Les images publi\u00e9es dans cet article proviennent de l&rsquo;excellent g\u00e9n\u00e9rateur de miniatures <a title=\"Bluga.net WebThumb\" href=\"http:\/\/webthumb.bluga.net\/home\">Bluga.net WebThumb<\/a>.<\/p>\n","protected":false},"excerpt":{"rendered":"<p>Apr\u00e8s presque 2 ans de bons et loyaux services, le th\u00e8me GlossyBlue utilis\u00e9 jusqu&rsquo;ici sur ce blog tire sa r\u00e9v\u00e9rence.<\/p>\n<p>Agr\u00e9able visuellement, il disposait d&rsquo;un espace en bas de page permettant de consulter les derniers articles et commentaires. Depuis quelques temps, je recherche un th\u00e8me plus large permettant d&rsquo;am\u00e9liorer la lisibilit\u00e9.<br \/>\nTomb\u00e9 par hasard sur le th\u00e8me iNove, je le trouve sympa &#8230;<\/p>\n","protected":false},"author":1,"featured_media":0,"comment_status":"open","ping_status":"open","sticky":false,"template":"","format":"standard","meta":[],"categories":[13,22,3,15,6],"tags":[37,44],"_links":{"self":[{"href":"http:\/\/airdesign.ch\/yann\/wp-json\/wp\/v2\/posts\/227"}],"collection":[{"href":"http:\/\/airdesign.ch\/yann\/wp-json\/wp\/v2\/posts"}],"about":[{"href":"http:\/\/airdesign.ch\/yann\/wp-json\/wp\/v2\/types\/post"}],"author":[{"embeddable":true,"href":"http:\/\/airdesign.ch\/yann\/wp-json\/wp\/v2\/users\/1"}],"replies":[{"embeddable":true,"href":"http:\/\/airdesign.ch\/yann\/wp-json\/wp\/v2\/comments?post=227"}],"version-history":[{"count":3,"href":"http:\/\/airdesign.ch\/yann\/wp-json\/wp\/v2\/posts\/227\/revisions"}],"predecessor-version":[{"id":536,"href":"http:\/\/airdesign.ch\/yann\/wp-json\/wp\/v2\/posts\/227\/revisions\/536"}],"wp:attachment":[{"href":"http:\/\/airdesign.ch\/yann\/wp-json\/wp\/v2\/media?parent=227"}],"wp:term":[{"taxonomy":"category","embeddable":true,"href":"http:\/\/airdesign.ch\/yann\/wp-json\/wp\/v2\/categories?post=227"},{"taxonomy":"post_tag","embeddable":true,"href":"http:\/\/airdesign.ch\/yann\/wp-json\/wp\/v2\/tags?post=227"}],"curies":[{"name":"wp","href":"https:\/\/api.w.org\/{rel}","templated":true}]}}