{"id":131,"date":"2008-08-21T18:31:30","date_gmt":"2008-08-21T16:31:30","guid":{"rendered":"http:\/\/airdesign.ch\/yann\/?p=131"},"modified":"2008-08-21T18:31:30","modified_gmt":"2008-08-21T16:31:30","slug":"les-celebrites-suisses-romandes-et-moi","status":"publish","type":"post","link":"http:\/\/airdesign.ch\/yann\/2008\/08\/21\/les-celebrites-suisses-romandes-et-moi\/","title":{"rendered":"Les c\u00e9l\u00e9brit\u00e9s suisses romandes et moi"},"content":{"rendered":"<p>Paragraphe tir\u00e9 d&rsquo;une <a title=\"Newsletter mediaprofil.ch\" href=\"http:\/\/www.mediaprofil.ch\/newsletter-dm-tb.htm\">newsletter de mediaprofil.ch<\/a><\/p>\n<ul>\n<li>J\u00e9r\u00e9mie Kisling, Marie-Th\u00e9r\u00e8se Porchet, Daniel Rosselat, Dominique <strong>Perret, Yann<\/strong> Lambiel ou encore Carlo Chanez ouvriront les portes de leur cuisine \u00e0 Denis Martin. Il r\u00e9v\u00e8lera les secrets de fabrication de ses recettes afin que les t\u00e9l\u00e9spectateurs puissent r\u00e9aliser chez eux et en toute simplicit\u00e9 les plats de ce grand Chef romand.<\/li>\n<\/ul>\n<p>C&rsquo;est bon, je redescends imm\u00e9diatement de ce petit nuage \ud83d\ude42<\/p>\n<p>PS : je fonce crier \u00e7a sur <a title=\"identi.ca\/yannp\" href=\"http:\/\/identi.ca\/yannp\"><img decoding=\"async\" loading=\"lazy\" class=\"alignnone size-medium wp-image-132\" title=\"identi.ca\" src=\"http:\/\/airdesign.ch\/yann\/wp-content\/uploads\/2008\/08\/identica.png\" alt=\"\" width=\"126\" height=\"26\" \/><\/a><\/p>\n","protected":false},"excerpt":{"rendered":"<p>Paragraphe tir\u00e9 d&rsquo;une newsletter de mediaprofil.ch<\/p>\n<p>J\u00e9r\u00e9mie Kisling, Marie-Th\u00e9r\u00e8se Porchet, Daniel Rosselat, Dominique Perret, Yann Lambiel ou encore Carlo Chanez ouvriront les portes de leur cuisine \u00e0 Denis Martin. Il r\u00e9v\u00e8lera les secrets de fabrication de ses recettes afin que les t\u00e9l\u00e9spectateurs puissent r\u00e9aliser chez eux et en toute simplicit\u00e9 les plats de ce grand Chef romand.<\/p>\n<p>C&rsquo;est bon, je redescends imm\u00e9diatement &#8230;<\/p>\n","protected":false},"author":1,"featured_media":0,"comment_status":"open","ping_status":"open","sticky":false,"template":"","format":"standard","meta":[],"categories":[13,14,3,16,40],"tags":[37,42,28,57,21],"_links":{"self":[{"href":"http:\/\/airdesign.ch\/yann\/wp-json\/wp\/v2\/posts\/131"}],"collection":[{"href":"http:\/\/airdesign.ch\/yann\/wp-json\/wp\/v2\/posts"}],"about":[{"href":"http:\/\/airdesign.ch\/yann\/wp-json\/wp\/v2\/types\/post"}],"author":[{"embeddable":true,"href":"http:\/\/airdesign.ch\/yann\/wp-json\/wp\/v2\/users\/1"}],"replies":[{"embeddable":true,"href":"http:\/\/airdesign.ch\/yann\/wp-json\/wp\/v2\/comments?post=131"}],"version-history":[{"count":0,"href":"http:\/\/airdesign.ch\/yann\/wp-json\/wp\/v2\/posts\/131\/revisions"}],"wp:attachment":[{"href":"http:\/\/airdesign.ch\/yann\/wp-json\/wp\/v2\/media?parent=131"}],"wp:term":[{"taxonomy":"category","embeddable":true,"href":"http:\/\/airdesign.ch\/yann\/wp-json\/wp\/v2\/categories?post=131"},{"taxonomy":"post_tag","embeddable":true,"href":"http:\/\/airdesign.ch\/yann\/wp-json\/wp\/v2\/tags?post=131"}],"curies":[{"name":"wp","href":"https:\/\/api.w.org\/{rel}","templated":true}]}}