{"id":124,"date":"2008-06-24T21:50:24","date_gmt":"2008-06-24T19:50:24","guid":{"rendered":"http:\/\/airdesign.ch\/yann\/?p=124"},"modified":"2013-03-30T15:45:54","modified_gmt":"2013-03-30T14:45:54","slug":"caffeine-ne-laissez-pas-votre-mac-sendormir","status":"publish","type":"post","link":"http:\/\/airdesign.ch\/yann\/2008\/06\/24\/caffeine-ne-laissez-pas-votre-mac-sendormir\/","title":{"rendered":"Caffeine, ne laissez pas votre Mac s&rsquo;endormir !"},"content":{"rendered":"<p>Heureux possesseur d&rsquo;un <a title=\"Blog de Yann\" href=\"http:\/\/airdesign.ch\/yann\/2007\/10\/16\/apple-macbook-episode-1\/\">MacBook<\/a> depuis quelques temps, j&rsquo;aimerais partager avec vous cette astuce.<\/p>\n<p><strong>Les faits<br \/>\n<\/strong>Lorsqu&rsquo;un MacBook est inactif (vous n&rsquo;utilisez ni la souris, ni le clavier), sp\u00e9cialement lorsque son cordon d&rsquo;alimentation est d\u00e9branch\u00e9, l&rsquo;\u00e9cran s&rsquo;assombrit apr\u00e8s environ une minute puis l&rsquo;ordinateur se met en veille.<br \/>\nCe comportement est irr\u00e9prochable puisque il permet d&rsquo;\u00e9conomiser de l&rsquo;\u00e9nergie.<\/p>\n<p><strong>Le probl\u00e8me<\/strong><\/p>\n<ul>\n<li>Lorsque vous regardez une vid\u00e9o de plus d&rsquo;une minute : l&rsquo;\u00e9cran s&rsquo;assombrit, vous n&rsquo;y voyez plus rien<\/li>\n<li>Lorsque vous t\u00e9l\u00e9chargez un fichier volumineux : le MacBook se met en veille et coupe la connexion Internet, votre t\u00e9l\u00e9chargement est suspendu<\/li>\n<\/ul>\n<p><strong>La solution<\/strong><br \/>\nCaffeine est un programme qui place une ic\u00f4ne dans votre Finder \u00e0 c\u00f4t\u00e9 du t\u00e9moin de charge de la batterie.<\/p>\n<p><a title=\"Caffeine\" href=\"http:\/\/lightheadsw.com\/caffeine\/\"><img decoding=\"async\" loading=\"lazy\" class=\"aligncenter size-full wp-image-125\" title=\"Caffeine\" alt=\"Ne laissez pas votre Mac s\\'endormir !\" src=\"http:\/\/airdesign.ch\/yann\/wp-content\/uploads\/2008\/06\/caffeine.png\" width=\"483\" height=\"127\" srcset=\"http:\/\/airdesign.ch\/yann\/wp-content\/uploads\/2008\/06\/caffeine.png 483w, http:\/\/airdesign.ch\/yann\/wp-content\/uploads\/2008\/06\/caffeine-300x78.png 300w\" sizes=\"(max-width: 483px) 100vw, 483px\" \/><\/a><\/p>\n<p>Il vous suffit de cliquer une fois sur l&rsquo;ic\u00f4ne en forme de tasse \u00e0 caf\u00e9 pour emp\u00eacher votre Mac d&rsquo;assombrir l&rsquo;\u00e9cran ou de se mettre en veille.<\/p>\n<p>Si vous t\u00e9l\u00e9chargez un fichier, il ne vous reste alors qu&rsquo;\u00e0 assombrir au maximum l&rsquo;\u00e9cran de sorte qu&rsquo;il soit \u00e9teint pour continuer votre t\u00e9l\u00e9chargement le plus longtemps possible, sans coupure.<\/p>\n<p>Pour t\u00e9l\u00e9charger le fichier, c&rsquo;est <a title=\"Caffeine\" href=\"http:\/\/download.lightheadsw.com\/download.php?software=caffeine\">ici<\/a> \ud83d\ude42<\/p>\n","protected":false},"excerpt":{"rendered":"<p>Heureux possesseur d&rsquo;un MacBook depuis quelques temps, j&rsquo;aimerais partager avec vous cette astuce.<br \/>\nLes faits<br \/>\nLorsqu&rsquo;un MacBook est inactif (vous n&rsquo;utilisez ni la souris, ni le clavier), sp\u00e9cialement lorsque son cordon d&rsquo;alimentation est d\u00e9branch\u00e9, l&rsquo;\u00e9cran s&rsquo;assombrit apr\u00e8s environ une minute puis l&rsquo;ordinateur se met en veille.<br \/>\nCe comportement est irr\u00e9prochable puisque il permet d&rsquo;\u00e9conomiser de l&rsquo;\u00e9nergie.<br \/>\nLe probl\u00e8me<\/p>\n<p>Lorsque vous regardez une vid\u00e9o de plus &#8230;<\/p>\n","protected":false},"author":1,"featured_media":0,"comment_status":"open","ping_status":"open","sticky":false,"template":"","format":"standard","meta":[],"categories":[24,15,4],"tags":[56,17,25,18],"_links":{"self":[{"href":"http:\/\/airdesign.ch\/yann\/wp-json\/wp\/v2\/posts\/124"}],"collection":[{"href":"http:\/\/airdesign.ch\/yann\/wp-json\/wp\/v2\/posts"}],"about":[{"href":"http:\/\/airdesign.ch\/yann\/wp-json\/wp\/v2\/types\/post"}],"author":[{"embeddable":true,"href":"http:\/\/airdesign.ch\/yann\/wp-json\/wp\/v2\/users\/1"}],"replies":[{"embeddable":true,"href":"http:\/\/airdesign.ch\/yann\/wp-json\/wp\/v2\/comments?post=124"}],"version-history":[{"count":1,"href":"http:\/\/airdesign.ch\/yann\/wp-json\/wp\/v2\/posts\/124\/revisions"}],"predecessor-version":[{"id":555,"href":"http:\/\/airdesign.ch\/yann\/wp-json\/wp\/v2\/posts\/124\/revisions\/555"}],"wp:attachment":[{"href":"http:\/\/airdesign.ch\/yann\/wp-json\/wp\/v2\/media?parent=124"}],"wp:term":[{"taxonomy":"category","embeddable":true,"href":"http:\/\/airdesign.ch\/yann\/wp-json\/wp\/v2\/categories?post=124"},{"taxonomy":"post_tag","embeddable":true,"href":"http:\/\/airdesign.ch\/yann\/wp-json\/wp\/v2\/tags?post=124"}],"curies":[{"name":"wp","href":"https:\/\/api.w.org\/{rel}","templated":true}]}}