{"id":123,"date":"2008-05-21T12:56:42","date_gmt":"2008-05-21T10:56:42","guid":{"rendered":"http:\/\/airdesign.ch\/yann\/?p=123"},"modified":"2008-05-21T12:56:42","modified_gmt":"2008-05-21T10:56:42","slug":"joyeux-anniversaire-blog-de-yann","status":"publish","type":"post","link":"http:\/\/airdesign.ch\/yann\/2008\/05\/21\/joyeux-anniversaire-blog-de-yann\/","title":{"rendered":"Joyeux anniversaire Blog de Yann"},"content":{"rendered":"<p>Petit passage par ici pour annoncer <strong>une ann\u00e9e de blog<\/strong> ! En effet, j&rsquo;ai publi\u00e9 <a title=\"Premier billet\" href=\"http:\/\/airdesign.ch\/yann\/page\/8\/\">mon premier billet<\/a> le 21 mai 2007.<\/p>\n<p>L&rsquo;exp\u00e9rience est moyennement enrichissante dans le sens o\u00f9 il n&rsquo;est pas \u00e9vident de prendre du temps pour r\u00e9diger correctement des billets, encore moins de le faire r\u00e9guli\u00e8rement.<\/p>\n<p>Les chiffres indispensables :<\/p>\n<ul>\n<li>39 articles publi\u00e9s<\/li>\n<li>41 commentaires<\/li>\n<li>2 r\u00e9troliens<\/li>\n<\/ul>\n<p>Merci \u00e0 <a title=\"Freduardo\" href=\"http:\/\/freduardo.wordpress.com\/\">Freduardo<\/a>, <a title=\"S\u00e9b\" href=\"http:\/\/www.airdesign.ch\/seb\/blog\">S\u00e9b<\/a>, <a title=\"Sab\" href=\"http:\/\/www.airdesign.ch\/sabrina\">Sab<\/a>, <a title=\"Ga\u00ebtan\" href=\"http:\/\/airdesign.ch\/gaet\">Ga\u00ebtan<\/a>, <a title=\"Virginie\" href=\"http:\/\/vivithebest001.skyblog.com\/\">Virginie<\/a>, <a title=\"devil505\" href=\"http:\/\/devil505onfrugalware.blogspot.com\/\">devil505<\/a>, \u00a5\u20ac$, <a title=\"Leon\" href=\"http:\/\/www.darkoogle.com\/\">Leon<\/a> et Philippe Deschamps pour avoir laiss\u00e9 un ou plusieurs commentaires sur un ou plusieurs articles !<\/p>\n<p>Merci \u00e9galement \u00e0 tous les sympathiques lecteurs qui n&rsquo;osent pas se manifester dans les commentaires \ud83d\ude42<\/p>\n","protected":false},"excerpt":{"rendered":"<p>Petit passage par ici pour annoncer une ann\u00e9e de blog ! En effet, j&rsquo;ai publi\u00e9 mon premier billet le 21 mai 2007.<br \/>\nL&rsquo;exp\u00e9rience est moyennement enrichissante dans le sens o\u00f9 il n&rsquo;est pas \u00e9vident de prendre du temps pour r\u00e9diger correctement des billets, encore moins de le faire r\u00e9guli\u00e8rement.<br \/>\nLes chiffres indispensables :<\/p>\n<p>39 articles publi\u00e9s<br \/>\n41 commentaires<br \/>\n2 r\u00e9troliens<\/p>\n<p>Merci \u00e0 Freduardo, S\u00e9b, Sab, Ga\u00ebtan, &#8230;<\/p>\n","protected":false},"author":1,"featured_media":0,"comment_status":"open","ping_status":"open","sticky":false,"template":"","format":"standard","meta":[],"categories":[13,3],"tags":[37,30],"_links":{"self":[{"href":"http:\/\/airdesign.ch\/yann\/wp-json\/wp\/v2\/posts\/123"}],"collection":[{"href":"http:\/\/airdesign.ch\/yann\/wp-json\/wp\/v2\/posts"}],"about":[{"href":"http:\/\/airdesign.ch\/yann\/wp-json\/wp\/v2\/types\/post"}],"author":[{"embeddable":true,"href":"http:\/\/airdesign.ch\/yann\/wp-json\/wp\/v2\/users\/1"}],"replies":[{"embeddable":true,"href":"http:\/\/airdesign.ch\/yann\/wp-json\/wp\/v2\/comments?post=123"}],"version-history":[{"count":0,"href":"http:\/\/airdesign.ch\/yann\/wp-json\/wp\/v2\/posts\/123\/revisions"}],"wp:attachment":[{"href":"http:\/\/airdesign.ch\/yann\/wp-json\/wp\/v2\/media?parent=123"}],"wp:term":[{"taxonomy":"category","embeddable":true,"href":"http:\/\/airdesign.ch\/yann\/wp-json\/wp\/v2\/categories?post=123"},{"taxonomy":"post_tag","embeddable":true,"href":"http:\/\/airdesign.ch\/yann\/wp-json\/wp\/v2\/tags?post=123"}],"curies":[{"name":"wp","href":"https:\/\/api.w.org\/{rel}","templated":true}]}}